{"id":5016,"date":"2023-01-03T14:36:13","date_gmt":"2023-01-03T13:36:13","guid":{"rendered":"https:\/\/www.becker-brakel.de\/thank-you-for-155-entries-to-the-becker-design-forum-2023\/"},"modified":"2023-09-26T15:15:22","modified_gmt":"2023-09-26T13:15:22","slug":"thank-you-for-155-entries-to-the-becker-design-forum-2023","status":"publish","type":"post","link":"https:\/\/www.becker-brakel.de\/en\/thank-you-for-155-entries-to-the-becker-design-forum-2023\/","title":{"rendered":"Thank you for 155 entries to the Becker Design Forum 2023"},"content":{"rendered":"\n<p class=\"has-intro-font-size\">F\u00fcr unser Design-Forum haben wir 155 Einreichungen aus aller Welt erhalten \u2013 \u00fcber diese gro\u00dfe Anzahl haben wir uns sehr gefreut und bedanken uns ganz herzlich daf\u00fcr! Das Spektrum umfasste von Sitzm\u00f6beln, Tischen und Leuchten bis hin zu Einkaufstrolley sowie einem Wohnwagen f\u00fcr E-Bikes wieder gro\u00dfartige, <a href=\"https:\/\/www.becker-brakel.de\/en\/designer\/\">begeisternde Design-Ideen<\/a>.<\/p>\n\n<div class=\"wp-block-columns is-layout-flex wp-container-core-columns-is-layout-28f84493 wp-block-columns-is-layout-flex\">\n<div class=\"wp-block-column is-layout-flow wp-block-column-is-layout-flow\" style=\"flex-basis:66.66%\">\n<p>By the time of <a href=\"https:\/\/www.interzum.com\/de\/die-messe\/interzum-2023\/\" target=\"_blank\" rel=\"noreferrer noopener\">interzum<\/a>, we will have created a selection of ten models as prototypes and will present them to trade fair visitors at our stand D-10 in Hall 4.2. In addition, all submitted ideas are available as printed documentation for all interested parties.<\/p>\n\n\n\n<p>We are convinced that one or the other great model will be included in the program of our customers &#8230;!<\/p>\n<\/div>\n\n\n\n<div class=\"wp-block-column is-layout-flow wp-block-column-is-layout-flow\" style=\"flex-basis:33.33%\">\n<figure class=\"wp-block-image aligncenter size-full is-resized\"><img loading=\"lazy\" decoding=\"async\" src=\"https:\/\/www.becker-brakel.de\/wp-content\/uploads\/becker-brakel-design-forum-11-keyvisual.svg\" alt=\"\" class=\"wp-image-3329\" style=\"width:153px;height:146px\" width=\"153\" height=\"146\"\/><\/figure>\n<\/div>\n<\/div>\n\n<p><strong>The <a href=\"https:\/\/www.interzum.com\/de\/die-messe\/interzum-2023\/\" target=\"_blank\" rel=\"noreferrer noopener\">interzum<\/a> will take place from 09. to 12.05.2023 in Cologne. You are cordially invited to come and see the innovative ideas with us. We are looking forward to meeting you!<\/strong><\/p>\n","protected":false},"excerpt":{"rendered":"<p>F\u00fcr unser Design-Forum haben wir 155 Einreichungen aus aller Welt erhalten \u2013 \u00fcber diese gro\u00dfe Anzahl haben wir uns sehr gefreut und bedanken uns ganz herzlich daf\u00fcr! Das Spektrum umfasste von Sitzm\u00f6beln, Tischen und Leuchten bis hin zu Einkaufstrolley sowie einem Wohnwagen f\u00fcr E-Bikes wieder gro\u00dfartige, begeisternde Design-Ideen. By the time of interzum, we will [&hellip;]<\/p>\n","protected":false},"author":1,"featured_media":3324,"comment_status":"closed","ping_status":"closed","sticky":false,"template":"","format":"standard","meta":{"_acf_changed":false,"footnotes":""},"categories":[1],"tags":[],"class_list":["post-5016","post","type-post","status-publish","format-standard","has-post-thumbnail","hentry","category-unkategorisiert"],"acf":[],"_links":{"self":[{"href":"https:\/\/www.becker-brakel.de\/en\/wp-json\/wp\/v2\/posts\/5016","targetHints":{"allow":["GET"]}}],"collection":[{"href":"https:\/\/www.becker-brakel.de\/en\/wp-json\/wp\/v2\/posts"}],"about":[{"href":"https:\/\/www.becker-brakel.de\/en\/wp-json\/wp\/v2\/types\/post"}],"author":[{"embeddable":true,"href":"https:\/\/www.becker-brakel.de\/en\/wp-json\/wp\/v2\/users\/1"}],"replies":[{"embeddable":true,"href":"https:\/\/www.becker-brakel.de\/en\/wp-json\/wp\/v2\/comments?post=5016"}],"version-history":[{"count":5,"href":"https:\/\/www.becker-brakel.de\/en\/wp-json\/wp\/v2\/posts\/5016\/revisions"}],"predecessor-version":[{"id":5472,"href":"https:\/\/www.becker-brakel.de\/en\/wp-json\/wp\/v2\/posts\/5016\/revisions\/5472"}],"wp:featuredmedia":[{"embeddable":true,"href":"https:\/\/www.becker-brakel.de\/en\/wp-json\/wp\/v2\/media\/3324"}],"wp:attachment":[{"href":"https:\/\/www.becker-brakel.de\/en\/wp-json\/wp\/v2\/media?parent=5016"}],"wp:term":[{"taxonomy":"category","embeddable":true,"href":"https:\/\/www.becker-brakel.de\/en\/wp-json\/wp\/v2\/categories?post=5016"},{"taxonomy":"post_tag","embeddable":true,"href":"https:\/\/www.becker-brakel.de\/en\/wp-json\/wp\/v2\/tags?post=5016"}],"curies":[{"name":"wp","href":"https:\/\/api.w.org\/{rel}","templated":true}]}}